{"id":623,"date":"2020-10-12T11:50:44","date_gmt":"2020-10-12T09:50:44","guid":{"rendered":"https:\/\/montessorimondial.se\/kristianstad\/?post_type=article&#038;p=623"},"modified":"2024-03-18T11:49:54","modified_gmt":"2024-03-18T10:49:54","slug":"intervju-med-rektor","status":"publish","type":"article","link":"https:\/\/montessorimondial.se\/kristianstad\/artikel\/intervju-med-rektor\/","title":{"rendered":"Intervju med rektor"},"content":{"rendered":"\n<div class=\"wp-block-group is-style-narrow\"><div class=\"wp-block-group__inner-container is-layout-flow wp-block-group-is-layout-flow\">\n<h1 class=\"wp-block-heading\">S\u00e4g hej till rektor Petra<\/h1>\n\n\n\n<p><strong>\u201cSkolan med det stora hj\u00e4rtat\u201d kallar Petra Nilsson sin arbetsplats Montessori Mondial i Kristianstad. Hon \u00e4r rektor och har arbetat inom skolv\u00e4rlden sedan 1993. H\u00e4r ber\u00e4ttar Petra vad montessoripedagogiken betyder f\u00f6r henne och vad hon vill att eleverna b\u00e4r med sig fr\u00e5n sin tid p\u00e5 Mondial.<\/strong><\/p>\n\n\n\n<h5 class=\"wp-block-heading\"><strong>Vad \u00e4r det b\u00e4sta med ditt jobb?<\/strong><\/h5>\n\n\n\n<p>Att jag f\u00e5r arbeta p\u00e5 Kristianstads b\u00e4sta skola med den b\u00e4sta pedagogiken i v\u00e4rlden f\u00f6r denna elevgrupp.<\/p>\n\n\n\n<h5 class=\"wp-block-heading\"><strong>N\u00e4r k\u00e4nner du dig som mest stolt \u00f6ver att vara rektor?<\/strong><\/h5>\n\n\n\n<p>Jag k\u00e4nner mig alltid stolt n\u00e4r jag g\u00e5r runt i skolan och ser alla v\u00e5ra flitigt arbetande elever.<\/p>\n\n\n\n<h5 class=\"wp-block-heading\"><strong>Vad tycker du \u00e4r viktigast f\u00f6r att skapa en bra skolg\u00e5ng?<\/strong><\/h5>\n\n\n\n<p>Ett engagemang fr\u00e5n all personal och ett gott samarbete med elever och v\u00e5rdnadshavare.<\/p>\n\n\n\n<h5 class=\"wp-block-heading\"><strong>Vad vill du att eleverna har med sig n\u00e4r de g\u00e5r ut sista \u00e5ret p\u00e5 Montessori Mondial?<\/strong><\/h5>\n\n\n\n<p>Jag vill att de har med sig en k\u00e4nsla av att de kan lyckas med allt de tar sig f\u00f6r och att de har haft 10 bra skol\u00e5r hos oss. Faktum \u00e4r att m\u00e5nga elever brukar komma tillbaka och ber\u00e4tta just det.<\/p>\n\n\n\n<h5 class=\"wp-block-heading\"><strong>Vad \u00e4r ditt b\u00e4sta tips till v\u00e5rdnadshavare inf\u00f6r skolvalet?<\/strong><\/h5>\n\n\n\n<p>Se till att ni tillsammans g\u00f6r ett medvetet val utifr\u00e5n den pedagogik som passar ditt barn. Var p\u00e5l\u00e4st och g\u00e5 p\u00e5 informationsdagar.<\/p>\n\n\n\n<h5 class=\"wp-block-heading\"><strong>Hur tror du att eleverna skulle beskriva Montessori Mondial?<\/strong><\/h5>\n\n\n\n<p>Som en trygg plats d\u00e4r de blir utmanade och samtidigt f\u00e5r bra st\u00f6d av s\u00e5v\u00e4l pedagoger som kompisar. En skola d\u00e4r det \u00e4r okej att plugga och d\u00e4r resultat \u00e4r viktiga.<\/p>\n\n\n\n<h5 class=\"wp-block-heading\"><strong>Vad inneb\u00e4r montessori f\u00f6r dig?<\/strong><\/h5>\n\n\n\n<p>F\u00f6r mig \u00e4r det en pedagogik d\u00e4r alla sinnen \u00e4r n\u00e4rvarande, d\u00e4r konkreta material anv\u00e4nds i alla \u00e5rskurser och barnen omg\u00e4rdas av v\u00e4lutbildad personal.<\/p>\n\n\n\n<h5 class=\"wp-block-heading\"><strong>Vad skulle du s\u00e4ga \u00e4r den vanligaste missuppfattningen kring montessoripedagogiken?<\/strong><\/h5>\n\n\n\n<p>En vanlig missuppfattning \u00e4r att pedagogiken enbart inneb\u00e4r frihet och inga krav.<\/p>\n\n\n\t<div\n\t\t class=\"container images-module \" >\n\n\t\t\t\t<div   id=\"images_col\" style=\"display:none\"\n\t\t\t class=\"col-md-6 p-4 position-relative \">\n\t\t<\/div>\n\n\t\t\t\t\n\t\t\n\t\t\t\t<div class=\"row images-module__row\">\n\n\t\t\t\t\t\t\t\t\t\t\n\t\t\t\t<div   data-url=\"https:\/\/montessorimondial.se\/wp-content\/uploads\/sites\/8\/2020\/10\/skarmavbild-2020-10-12-kl-114900.png\"\n\t\t\t\t\t data-description=\"\"\n\t\t\t\t\t data-styl=\"aspect-ratio: 625 \/ 567;object-position: _center-center;\"\n\t\t\t\t\t data-alt=\"\"\n\t\t\t\t\t class=\" \"\n\t\t\t\t>\n\t\t\t\t<\/div>\n\n\t\t\t\t\t<\/div>\n\n\n\t\t\t\t<div class=\"row\" id=\"images-module-gallery\">\n\t\t\t<div class=\"col-md-12 text-center\">\n\n\t\t\t\t<button   class=\"\n\t\t\t\td-none\t\t\t\tbtn px-4\n\t\t\t\t\t\t\t\tmy-2\n\t\t\t\tm-m-auto\n\t\t\t\ttext-center\">\n\t\t\t\t\tVisa alla bilder\n\t\t\t\t<\/button>\n\t\t\t<\/div>\n\t\t<\/div>\n\n\n\t<\/div>\n\n\t\n\n\n<script>\n\tvar images_display_descriptive_text = \"\";\n<\/script>\n<\/div><\/div>\n","protected":false},"template":"","article_category":[17],"yoast_head":"<!-- This site is optimized with the Yoast SEO plugin v22.0 - https:\/\/yoast.com\/wordpress\/plugins\/seo\/ -->\n<title>Intervju med rektor | Montessori Mondial Kristianstad<\/title>\n<meta name=\"description\" content=\"Intervju med rektorn som som ber\u00e4ttar hon vad montessoripedagogiken inneb\u00e4r f\u00f6r henne och vad hon vill att eleverna b\u00e4r med sig fr\u00e5n sin tid p\u00e5 Mondial.\" \/>\n<meta name=\"robots\" content=\"index, follow, max-snippet:-1, max-image-preview:large, max-video-preview:-1\" \/>\n<link rel=\"canonical\" href=\"https:\/\/montessorimondial.se\/kristianstad\/artikel\/intervju-med-rektor\/\" \/>\n<meta property=\"og:locale\" content=\"sv_SE\" \/>\n<meta property=\"og:type\" content=\"article\" \/>\n<meta property=\"og:title\" content=\"Intervju med rektor | Montessori Mondial Kristianstad\" \/>\n<meta property=\"og:description\" content=\"Intervju med rektorn som som ber\u00e4ttar hon vad montessoripedagogiken inneb\u00e4r f\u00f6r henne och vad hon vill att eleverna b\u00e4r med sig fr\u00e5n sin tid p\u00e5 Mondial.\" \/>\n<meta property=\"og:url\" content=\"https:\/\/montessorimondial.se\/kristianstad\/artikel\/intervju-med-rektor\/\" \/>\n<meta property=\"og:site_name\" content=\"Kristianstad\" \/>\n<meta property=\"article:modified_time\" content=\"2024-03-18T10:49:54+00:00\" \/>\n<meta name=\"twitter:card\" content=\"summary_large_image\" \/>\n<meta name=\"twitter:title\" content=\"Intervju med rektor | Montessori Mondial Kristianstad\" \/>\n<meta name=\"twitter:description\" content=\"Intervju med rektorn som som ber\u00e4ttar hon vad montessoripedagogiken inneb\u00e4r f\u00f6r henne och vad hon vill att eleverna b\u00e4r med sig fr\u00e5n sin tid p\u00e5 Mondial.\" \/>\n<meta name=\"twitter:image\" content=\"https:\/\/montessorimondial.se\/wp-content\/uploads\/sites\/8\/2020\/10\/skarmavbild-2020-10-12-kl-114900.png\" \/>\n<meta name=\"twitter:label1\" content=\"Ber\u00e4knad l\u00e4stid\" \/>\n\t<meta name=\"twitter:data1\" content=\"2 minuter\" \/>\n<script type=\"application\/ld+json\" class=\"yoast-schema-graph\">{\"@context\":\"https:\/\/schema.org\",\"@graph\":[{\"@type\":\"WebPage\",\"@id\":\"https:\/\/montessorimondial.se\/kristianstad\/artikel\/intervju-med-rektor\/\",\"url\":\"https:\/\/montessorimondial.se\/kristianstad\/artikel\/intervju-med-rektor\/\",\"name\":\"Intervju med rektor | Montessori Mondial Kristianstad\",\"isPartOf\":{\"@id\":\"https:\/\/montessorimondial.se\/kristianstad\/#website\"},\"datePublished\":\"2020-10-12T09:50:44+00:00\",\"dateModified\":\"2024-03-18T10:49:54+00:00\",\"description\":\"Intervju med rektorn som som ber\u00e4ttar hon vad montessoripedagogiken inneb\u00e4r f\u00f6r henne och vad hon vill att eleverna b\u00e4r med sig fr\u00e5n sin tid p\u00e5 Mondial.\",\"breadcrumb\":{\"@id\":\"https:\/\/montessorimondial.se\/kristianstad\/artikel\/intervju-med-rektor\/#breadcrumb\"},\"inLanguage\":\"sv-SE\",\"potentialAction\":[{\"@type\":\"ReadAction\",\"target\":[\"https:\/\/montessorimondial.se\/kristianstad\/artikel\/intervju-med-rektor\/\"]}]},{\"@type\":\"BreadcrumbList\",\"@id\":\"https:\/\/montessorimondial.se\/kristianstad\/artikel\/intervju-med-rektor\/#breadcrumb\",\"itemListElement\":[{\"@type\":\"ListItem\",\"position\":1,\"name\":\"Start\",\"item\":\"https:\/\/montessorimondial.se\/kristianstad\"},{\"@type\":\"ListItem\",\"position\":2,\"name\":\"Artikel\"}]},{\"@type\":\"WebSite\",\"@id\":\"https:\/\/montessorimondial.se\/kristianstad\/#website\",\"url\":\"https:\/\/montessorimondial.se\/kristianstad\/\",\"name\":\"Kristianstad\",\"description\":\"Montessorimondial Kristianstad\",\"potentialAction\":[{\"@type\":\"SearchAction\",\"target\":{\"@type\":\"EntryPoint\",\"urlTemplate\":\"https:\/\/montessorimondial.se\/kristianstad\/?s={search_term_string}\"},\"query-input\":\"required name=search_term_string\"}],\"inLanguage\":\"sv-SE\"}]}<\/script>\n<!-- \/ Yoast SEO plugin. -->","yoast_head_json":{"title":"Intervju med rektor | Montessori Mondial Kristianstad","description":"Intervju med rektorn som som ber\u00e4ttar hon vad montessoripedagogiken inneb\u00e4r f\u00f6r henne och vad hon vill att eleverna b\u00e4r med sig fr\u00e5n sin tid p\u00e5 Mondial.","robots":{"index":"index","follow":"follow","max-snippet":"max-snippet:-1","max-image-preview":"max-image-preview:large","max-video-preview":"max-video-preview:-1"},"canonical":"https:\/\/montessorimondial.se\/kristianstad\/artikel\/intervju-med-rektor\/","og_locale":"sv_SE","og_type":"article","og_title":"Intervju med rektor | Montessori Mondial Kristianstad","og_description":"Intervju med rektorn som som ber\u00e4ttar hon vad montessoripedagogiken inneb\u00e4r f\u00f6r henne och vad hon vill att eleverna b\u00e4r med sig fr\u00e5n sin tid p\u00e5 Mondial.","og_url":"https:\/\/montessorimondial.se\/kristianstad\/artikel\/intervju-med-rektor\/","og_site_name":"Kristianstad","article_modified_time":"2024-03-18T10:49:54+00:00","twitter_card":"summary_large_image","twitter_title":"Intervju med rektor | Montessori Mondial Kristianstad","twitter_description":"Intervju med rektorn som som ber\u00e4ttar hon vad montessoripedagogiken inneb\u00e4r f\u00f6r henne och vad hon vill att eleverna b\u00e4r med sig fr\u00e5n sin tid p\u00e5 Mondial.","twitter_image":"https:\/\/montessorimondial.se\/wp-content\/uploads\/sites\/8\/2020\/10\/skarmavbild-2020-10-12-kl-114900.png","twitter_misc":{"Ber\u00e4knad l\u00e4stid":"2 minuter"},"schema":{"@context":"https:\/\/schema.org","@graph":[{"@type":"WebPage","@id":"https:\/\/montessorimondial.se\/kristianstad\/artikel\/intervju-med-rektor\/","url":"https:\/\/montessorimondial.se\/kristianstad\/artikel\/intervju-med-rektor\/","name":"Intervju med rektor | Montessori Mondial Kristianstad","isPartOf":{"@id":"https:\/\/montessorimondial.se\/kristianstad\/#website"},"datePublished":"2020-10-12T09:50:44+00:00","dateModified":"2024-03-18T10:49:54+00:00","description":"Intervju med rektorn som som ber\u00e4ttar hon vad montessoripedagogiken inneb\u00e4r f\u00f6r henne och vad hon vill att eleverna b\u00e4r med sig fr\u00e5n sin tid p\u00e5 Mondial.","breadcrumb":{"@id":"https:\/\/montessorimondial.se\/kristianstad\/artikel\/intervju-med-rektor\/#breadcrumb"},"inLanguage":"sv-SE","potentialAction":[{"@type":"ReadAction","target":["https:\/\/montessorimondial.se\/kristianstad\/artikel\/intervju-med-rektor\/"]}]},{"@type":"BreadcrumbList","@id":"https:\/\/montessorimondial.se\/kristianstad\/artikel\/intervju-med-rektor\/#breadcrumb","itemListElement":[{"@type":"ListItem","position":1,"name":"Start","item":"https:\/\/montessorimondial.se\/kristianstad"},{"@type":"ListItem","position":2,"name":"Artikel"}]},{"@type":"WebSite","@id":"https:\/\/montessorimondial.se\/kristianstad\/#website","url":"https:\/\/montessorimondial.se\/kristianstad\/","name":"Kristianstad","description":"Montessorimondial Kristianstad","potentialAction":[{"@type":"SearchAction","target":{"@type":"EntryPoint","urlTemplate":"https:\/\/montessorimondial.se\/kristianstad\/?s={search_term_string}"},"query-input":"required name=search_term_string"}],"inLanguage":"sv-SE"}]}},"_links":{"self":[{"href":"https:\/\/montessorimondial.se\/kristianstad\/wp-json\/wp\/v2\/article\/623"}],"collection":[{"href":"https:\/\/montessorimondial.se\/kristianstad\/wp-json\/wp\/v2\/article"}],"about":[{"href":"https:\/\/montessorimondial.se\/kristianstad\/wp-json\/wp\/v2\/types\/article"}],"wp:attachment":[{"href":"https:\/\/montessorimondial.se\/kristianstad\/wp-json\/wp\/v2\/media?parent=623"}],"wp:term":[{"taxonomy":"article_category","embeddable":true,"href":"https:\/\/montessorimondial.se\/kristianstad\/wp-json\/wp\/v2\/article_category?post=623"}],"curies":[{"name":"wp","href":"https:\/\/api.w.org\/{rel}","templated":true}]}}