{"id":2639,"date":"2025-11-28T09:23:16","date_gmt":"2025-11-28T08:23:16","guid":{"rendered":"https:\/\/montessorimondial.se\/kungsholmen\/?post_type=article&#038;p=2639"},"modified":"2025-12-09T15:43:15","modified_gmt":"2025-12-09T14:43:15","slug":"pedagoger","status":"publish","type":"article","link":"https:\/\/montessorimondial.se\/kungsholmen\/artikel\/pedagoger\/","title":{"rendered":"Pedagoger"},"content":{"rendered":"\n<div class=\"wp-block-columns is-layout-flex wp-container-core-columns-layout-1 wp-block-columns-is-layout-flex\">\n<div class=\"wp-block-column is-layout-flow wp-block-column-is-layout-flow\" style=\"flex-basis:15%\"><\/div>\n\n\n\n<div class=\"wp-block-column is-layout-flow wp-block-column-is-layout-flow\" style=\"flex-basis:70%\">\n<h1 class=\"wp-block-heading\">V\u00e5ra pedagoger och l\u00e4rare<\/h1>\n\n\n\n<p   class=\"site__ingress container text-left  site__text-color--dark  site__free_text--ingress p-0\">\n\tL\u00e4r k\u00e4nna v\u00e5ra pedagoger och l\u00e4rare lite b\u00e4ttre. Vad tycker de \u00e4r mest givande med att jobba p\u00e5 en montessoriskola och vad har de f\u00f6r tips och knep att dela med sig av?<\/p>\n\n\n\n\n\n<h2 class=\"wp-block-heading\"><em>Elin Berggren<\/em> &#8211; F\u00f6rskolepedagog<\/h2>\n\n\n\n<h3 class=\"wp-block-heading\">Vad tycker du \u00e4r mest givande med att arbeta inom en montessorif\u00f6rskola?<\/h3>\n\n\n\n<p>Jag har aktivt valt montessoripedagogiken och arbetet p\u00e5 montessorif\u00f6rskolan d\u00e4rf\u00f6r att jag \u00e4lskar ordet och tanken om &#8221;v\u00e4rldsmedborgarskapet&#8221; som montessoripedagogiken st\u00e5r f\u00f6r. Detta inneb\u00e4r att bidra till att barn v\u00e4xer upp omgivna av k\u00e4rlek, aktivt lyssnande, respekt, sj\u00e4lvst\u00e4ndighet, struktur och en lust att l\u00e4ra. I mitt arbete tar jag utg\u00e5ngspunkt i citatet &#8221;att f\u00f6rebygga konflikter \u00e4r ett politiskt arbete, att uppr\u00e4tta fred \u00e4r en fr\u00e5gan om fostran och utbildning&#8221;. F\u00f6rm\u00e5nen att f\u00e5 arbeta i montessorimilj\u00f6 2025 \u00e4r att f\u00e5 ha med sig montessoripedagogikens grunder och applicera det b\u00e5de i nutid och framtid. Jag ser barnen som v\u00e5r framtid och jag hoppas att det syns i det jag g\u00f6r i min vardag tillsammans med barn och vuxna.<\/p>\n\n\n\n<h3 class=\"wp-block-heading\">Om barnen fick beskriva dig med tre ord, vilka skulle det vara?<\/h3>\n\n\n\n<p>Barnen skulle beskriva mig som sn\u00e4ll, ordningsam och rolig. Jag f\u00e5r ocks\u00e5 ofta h\u00f6ra att jag \u00e4r bra p\u00e5 att historier om n\u00e4r jag var barn. D\u00e5 \u00e4r mina olika roliga r\u00f6ster v\u00e4ldigt uppskattade bland barnen.<\/p>\n\n\n\n<h3 class=\"wp-block-heading\">Hur arbetar du med att bygga goda relationer  med barnens v\u00e5rdnadshavare?<\/h3>\n\n\n\n<p>Jag str\u00e4var alltid efter att hitta v\u00e4gen in till den enskilda v\u00e5rdnadshavaren i kontakt. Fokuset \u00e4r alltid p\u00e5 barnen, och det \u00e4r ett relationsbygge med barnens v\u00e5rdnadshavare som kr\u00e4vs f\u00f6r att skapa trygghet och en god dialog mellan f\u00f6rskolan och hemmet. Jag ser det som en b\u00e4rande grund f\u00f6r den fortsatta kontakten och f\u00f6r att tillsammans kunna blicka fram\u00e5t f\u00f6r barnets b\u00e4sta.<\/p>\n\n\n\n\t<style>\n\t\t.inner {\n\n\t\t\tmargin: 0 auto;\n\n\n\t\t}\n\t<\/style>\n\t<div\n\t\t class=\"container images-module\" >\n\t\t<div class=\"row images_module__slideshow\">\n\n\t\t\t<div\n\t\t\t\t\tclass=\"col-md-12 p-0 position-relative images_module__slideshow images_module__slideshow-container  \">\n\t\t\t\t<div class=\"images_module__slide\" data-slide=\"\"\n\t\t\t\t\t data-duration=\"\"><\/div>\n\t\t\t\t\t\t\t\t\t<div\n\t\t\t\t\t\t class=\"images_module__slides\n\n\t\t\t\t\t   \"\n\t\t\t\t\t>\n\n\t\t\t\t\t\t<div class=\"images__wrapper\" style=\"aspect-ratio: 851 \/ 851;\">\n\t\t\t\t\t\t\t<img decoding=\"async\" width=\"1920\" height=\"2560\" src=\"https:\/\/montessorimondial.se\/wp-content\/uploads\/sites\/13\/2025\/11\/elin-scaled.jpg\" class=\"images__image_ratio  \" alt=\"Pedagog\" style=\"aspect-ratio: 851 \/ 851;object-position: center center;\" srcset=\"https:\/\/montessorimondial.se\/wp-content\/uploads\/sites\/13\/2025\/11\/elin-scaled.jpg 1920w, https:\/\/montessorimondial.se\/wp-content\/uploads\/sites\/13\/2025\/11\/elin-300x400.jpg 300w, https:\/\/montessorimondial.se\/wp-content\/uploads\/sites\/13\/2025\/11\/elin-400x533.jpg 400w, https:\/\/montessorimondial.se\/wp-content\/uploads\/sites\/13\/2025\/11\/elin-600x800.jpg 600w, https:\/\/montessorimondial.se\/wp-content\/uploads\/sites\/13\/2025\/11\/elin-800x1067.jpg 800w, https:\/\/montessorimondial.se\/wp-content\/uploads\/sites\/13\/2025\/11\/elin-1024x1365.jpg 1024w, https:\/\/montessorimondial.se\/wp-content\/uploads\/sites\/13\/2025\/11\/elin-1200x1600.jpg 1200w\" sizes=\"(max-width: 1920px) 100vw, 1920px\" \/>\t\t\t\t\t\t<\/div>\n\t\t\t\t\t\t\n\n\t\t\t\t\t\t\t\t\t\t\t<\/div>\n\t\t\t\t\n\t\t\t\t<div class=\"images_module__container_dot\">\n\t\t\t\t\t<div style=\"text-align:center\">\n\n\n\t\t\t\t\t\t\t\t\t\t\t\t\t<span   data-i=\"0\"\n\t\t\t\t\t\t\t\t  class=\"\n\t\t\t\t\t\t\timages_module__dot\n\t\t\t\t\t\t\t\t\t\t\t\t\t\t\"\n\t\t\t\t\t\t\t><\/span>\n\t\t\t\t\t\t\t\t\t\t\t<\/div>\n\t\t\t\t<\/div>\n\n\n\t\t\t<\/div>\n\t\t<\/div>\n\t<\/div>\n\n\t\n\n\n<script>\n\tvar images_display_descriptive_text = \"\";\n<\/script>\n\n\n\n<h2 class=\"wp-block-heading\"><em>William Lundquist<\/em> &#8211; L\u00e5g- och mellanstadiel\u00e4rare, Ma<\/h2>\n\n\n\n<h3 class=\"wp-block-heading\">Vad tycker du \u00e4r mest givande med att arbeta inom en montessoriskola?<\/h3>\n\n\n\n<p>Jag tycker att det \u00e4r sp\u00e4nnande och givande att f\u00e5 f\u00f6lja hur eleverna l\u00e4r sig att ta eget ansvar i tidig \u00e5lder och planera sin egen undervisning, ocks\u00e5 att se dem utvecklas i sina kunskaper och strategier f\u00f6r l\u00e4rande. Jag upplever att pedagogiken och montessorimaterialet hj\u00e4lper alla elever f\u00f6rdjupa sin kunskap, och konkretiserar genomg\u00e5ngar i klassrummet.<\/p>\n\n\n\n<h3 class=\"wp-block-heading\">Kan du beskriva en g\u00e5ng d\u00e5 en elev \u00f6verraskade dig med sin egen id\u00e9 eller l\u00f6sning?<\/h3>\n\n\n\n<p>Jag blev verkligen positivt \u00f6verraskad n\u00e4r vi arbetade med gamla r\u00e4knes\u00e4tt. Eleverna fick i uppgift att sj\u00e4lva s\u00f6ka information om ett specifikt r\u00e4knes\u00e4tt, sammanst\u00e4lla det p\u00e5 en plansch och sedan g\u00f6ra en presentation av arbetet. Det som gjorde uppgiften extra rolig var att matematiken m\u00f6tte bild\u00e4mnet \u2013 eleverna fick verkligen vara kreativa och uttrycka sina kunskaper visuellt. Resultatet blev m\u00e5nga fina och genomarbetade planscher om antika r\u00e4knes\u00e4tt, och jag tyckte det var inspirerande att se hur \u00e4mnena kunde samverka p\u00e5 ett s\u00e5 kreativt s\u00e4tt.<\/p>\n\n\n\n<h3 class=\"wp-block-heading\">Vilken aktivitet, bok eller lektion \u00e4r din favorit och varf\u00f6r?<\/h3>\n\n\n\n<p>Jag tycker allra mest om probleml\u00f6sningslektioner, eftersom de ger eleverna m\u00f6jlighet att utveckla sina strategier f\u00f6r att ta sig an mer utmanande uppgifter. Jag brukar l\u00e5ta eleverna b\u00f6rja arbeta enskilt f\u00f6r att sj\u00e4lva t\u00e4nka och testa olika l\u00f6sningar. D\u00e4refter f\u00e5r de samarbeta i par och till sist lyfter vi upp l\u00f6sningarna i helklass. P\u00e5 det s\u00e4ttet f\u00e5r alla elever vara delaktiga i hur vi l\u00f6ser problem, inte bara n\u00e5gra f\u00e5, och det skapar en trygg och l\u00e4rorik milj\u00f6 d\u00e4r alla r\u00f6ster f\u00e5r h\u00f6ras. Det \u00e4r verkligen n\u00e5got jag ser som en styrka i undervisningen.<\/p>\n\n\n\n<h3 class=\"wp-block-heading\">Hur arbetar du med att bygga goda relationer p\u00e5 skolan?<\/h3>\n\n\n\n<p>Jag tycker det \u00e4r viktigt att skapa goda relationer med alla elever, inte bara dem jag undervisar. Jag f\u00f6rs\u00f6ker d\u00e4rf\u00f6r alltid h\u00e4lsa p\u00e5 alla och komma ih\u00e5g sm\u00e5 detaljer som de ber\u00e4ttar f\u00f6r mig \u2013 det visar att jag ser och lyssnar p\u00e5 dem. Jag str\u00e4var efter att ha en positiv attityd, att visa gl\u00e4dje och att lyfta fram positiva beteenden hos eleverna. Dessutom f\u00f6rs\u00f6ker jag knyta delar av undervisningen till de intressen jag vet finns i klassen. P\u00e5 s\u00e5 s\u00e4tt skapar jag b\u00e5de motivation och delaktighet, vilket bidrar till en trygg och engagerande l\u00e4randemilj\u00f6.<\/p>\n\n\n\n\t<style>\n\t\t.inner {\n\n\t\t\tmargin: 0 auto;\n\n\n\t\t}\n\t<\/style>\n\t<div\n\t\t class=\"container images-module\" >\n\t\t<div class=\"row images_module__slideshow\">\n\n\t\t\t<div\n\t\t\t\t\tclass=\"col-md-12 p-0 position-relative images_module__slideshow images_module__slideshow-container  \">\n\t\t\t\t<div class=\"images_module__slide\" data-slide=\"\"\n\t\t\t\t\t data-duration=\"\"><\/div>\n\t\t\t\t\t\t\t\t\t<div\n\t\t\t\t\t\t class=\"images_module__slides\n\n\t\t\t\t\t   \"\n\t\t\t\t\t>\n\n\t\t\t\t\t\t<div class=\"images__wrapper\" style=\"aspect-ratio: 851 \/ 851;\">\n\t\t\t\t\t\t\t<img decoding=\"async\" width=\"2048\" height=\"1366\" src=\"https:\/\/montessorimondial.se\/wp-content\/uploads\/sites\/13\/2025\/11\/william.jpg\" class=\"images__image_ratio  \" alt=\"Pedagog\" style=\"aspect-ratio: 851 \/ 851;object-position: center center;\" srcset=\"https:\/\/montessorimondial.se\/wp-content\/uploads\/sites\/13\/2025\/11\/william.jpg 2048w, https:\/\/montessorimondial.se\/wp-content\/uploads\/sites\/13\/2025\/11\/william-300x200.jpg 300w, https:\/\/montessorimondial.se\/wp-content\/uploads\/sites\/13\/2025\/11\/william-400x267.jpg 400w, https:\/\/montessorimondial.se\/wp-content\/uploads\/sites\/13\/2025\/11\/william-600x400.jpg 600w, https:\/\/montessorimondial.se\/wp-content\/uploads\/sites\/13\/2025\/11\/william-800x534.jpg 800w, https:\/\/montessorimondial.se\/wp-content\/uploads\/sites\/13\/2025\/11\/william-1024x683.jpg 1024w, https:\/\/montessorimondial.se\/wp-content\/uploads\/sites\/13\/2025\/11\/william-1200x800.jpg 1200w\" sizes=\"(max-width: 2048px) 100vw, 2048px\" \/>\t\t\t\t\t\t<\/div>\n\t\t\t\t\t\t\n\n\t\t\t\t\t\t\t\t\t\t\t<\/div>\n\t\t\t\t\n\t\t\t\t<div class=\"images_module__container_dot\">\n\t\t\t\t\t<div style=\"text-align:center\">\n\n\n\t\t\t\t\t\t\t\t\t\t\t\t\t<span   data-i=\"0\"\n\t\t\t\t\t\t\t\t  class=\"\n\t\t\t\t\t\t\timages_module__dot\n\t\t\t\t\t\t\t\t\t\t\t\t\t\t\"\n\t\t\t\t\t\t\t><\/span>\n\t\t\t\t\t\t\t\t\t\t\t<\/div>\n\t\t\t\t<\/div>\n\n\n\t\t\t<\/div>\n\t\t<\/div>\n\t<\/div>\n\n\t\n\n\n<script>\n\tvar images_display_descriptive_text = \"\";\n<\/script>\n\n\n\n<h2 class=\"wp-block-heading\"><em>Lisa<\/em> <em>Leander<\/em> &#8211; H\u00f6gstadiel\u00e4rare<em>, <\/em>Sh &amp; Re<\/h2>\n\n\n\n<h3 class=\"wp-block-heading\">Vad tycker du \u00e4r mest givande med att arbeta inom en montessoriskola?<\/h3>\n\n\n\n<p>F\u00f6r mig handlar det v\u00e4ldigt mycket om att se elevernas utveckling i att kunna ta ansvar och att driva sin egen kunskapsutveckling. Montessoripedagogiken bidrar verkligen till att eleverna f\u00e5r en k\u00e4nsla f\u00f6r att kunna planera och f\u00f6lja upp sitt arbete, n\u00e5got som m\u00e5nga av v\u00e5ra elever som kommer tillbaka och h\u00e4lsar p\u00e5 oss ocks\u00e5 ber\u00e4ttar att de verkligen har f\u00e5tt. Undervisningen p\u00e5 skolan kopplas till det som h\u00e4nder ute i omv\u00e4rlden som g\u00f6r att kunskapen blir mer bef\u00e4st, som dessutom v\u00e4cker och skapar intresse f\u00f6r till exempel samh\u00e4llsfr\u00e5gor.<\/p>\n\n\n\n<h3 class=\"wp-block-heading\">Vad brukar \u00f6verraska dig mest i samtal med ton\u00e5ringar?<\/h3>\n\n\n\n<p>Jag blir f\u00f6rv\u00e5nad \u00f6ver hur kloka och insiktsfulla tankar eleverna har. Eleverna har ett stort r\u00e4ttvisepatos och \u00e4r v\u00e4ldigt medvetna om samh\u00e4llsfr\u00e5gor och har andra perspektiv som jag l\u00e4rt mig att inte underskatta. De ser samband och nyanser som jag kan missa utifr\u00e5n mitt vuxenperspektiv. Det tror jag g\u00f6r mig till en b\u00e4ttre l\u00e4rare!<\/p>\n\n\n\n<h3 class=\"wp-block-heading\">Vad tycker du \u00e4r mest sp\u00e4nnande med att undervisa p\u00e5 h\u00f6gstadiet?<\/h3>\n\n\n\n<p>Det \u00e4r att f\u00e5 ta del av deras kognitiva utveckling! Jag f\u00e5r vara med i realtid n\u00e4r de b\u00f6rjar f\u00f6rst\u00e5 politik och v\u00e5rt samh\u00e4lle. Jag f\u00e5r se dem testa olika st\u00e4llningstagande i debatter och diskussioner som jag ser bidrar till deras egen f\u00f6rst\u00e5else f\u00f6r omv\u00e4rlden och ge dem verktyg f\u00f6r att kunna kritisera, empatiskt och sj\u00e4lvst\u00e4ndigt.<\/p>\n\n\n\n<h3 class=\"wp-block-heading\">Hur ser relationen ut mellan elever och personal p\u00e5 skolan?<\/h3>\n\n\n\n<p>Jag upplever att vi har v\u00e4ldigt fina relationer mellan l\u00e4rare och elever. Det finns en lyh\u00f6rdhet d\u00e4r jag utg\u00e5r fr\u00e5n att vi vill varandra v\u00e4l. Relationerna bygger p\u00e5 att vi ser individen f\u00f6r att kunna bygga vidare p\u00e5 personliga relationer med v\u00e5ra elever. Min \u00f6vertygelse \u00e4r att vi k\u00e4nner alla elever som vi undervisar h\u00e4r p\u00e5 h\u00f6gstadiet.<\/p>\n\n\n\n\t<style>\n\t\t.inner {\n\n\t\t\tmargin: 0 auto;\n\n\n\t\t}\n\t<\/style>\n\t<div\n\t\t class=\"container images-module\" >\n\t\t<div class=\"row images_module__slideshow\">\n\n\t\t\t<div\n\t\t\t\t\tclass=\"col-md-12 p-0 position-relative images_module__slideshow images_module__slideshow-container  \">\n\t\t\t\t<div class=\"images_module__slide\" data-slide=\"\"\n\t\t\t\t\t data-duration=\"\"><\/div>\n\t\t\t\t\t\t\t\t\t<div\n\t\t\t\t\t\t class=\"images_module__slides\n\n\t\t\t\t\t   \"\n\t\t\t\t\t>\n\n\t\t\t\t\t\t<div class=\"images__wrapper\" style=\"aspect-ratio: 851 \/ 851;\">\n\t\t\t\t\t\t\t<img decoding=\"async\" width=\"2048\" height=\"1366\" src=\"https:\/\/montessorimondial.se\/wp-content\/uploads\/sites\/13\/2025\/11\/lisa.jpg\" class=\"images__image_ratio  \" alt=\"Pedagog\" style=\"aspect-ratio: 851 \/ 851;object-position: center center;\" srcset=\"https:\/\/montessorimondial.se\/wp-content\/uploads\/sites\/13\/2025\/11\/lisa.jpg 2048w, https:\/\/montessorimondial.se\/wp-content\/uploads\/sites\/13\/2025\/11\/lisa-300x200.jpg 300w, https:\/\/montessorimondial.se\/wp-content\/uploads\/sites\/13\/2025\/11\/lisa-400x267.jpg 400w, https:\/\/montessorimondial.se\/wp-content\/uploads\/sites\/13\/2025\/11\/lisa-600x400.jpg 600w, https:\/\/montessorimondial.se\/wp-content\/uploads\/sites\/13\/2025\/11\/lisa-800x534.jpg 800w, https:\/\/montessorimondial.se\/wp-content\/uploads\/sites\/13\/2025\/11\/lisa-1024x683.jpg 1024w, https:\/\/montessorimondial.se\/wp-content\/uploads\/sites\/13\/2025\/11\/lisa-1200x800.jpg 1200w\" sizes=\"(max-width: 2048px) 100vw, 2048px\" \/>\t\t\t\t\t\t<\/div>\n\t\t\t\t\t\t\n\n\t\t\t\t\t\t\t\t\t\t\t<\/div>\n\t\t\t\t\n\t\t\t\t<div class=\"images_module__container_dot\">\n\t\t\t\t\t<div style=\"text-align:center\">\n\n\n\t\t\t\t\t\t\t\t\t\t\t\t\t<span   data-i=\"0\"\n\t\t\t\t\t\t\t\t  class=\"\n\t\t\t\t\t\t\timages_module__dot\n\t\t\t\t\t\t\t\t\t\t\t\t\t\t\"\n\t\t\t\t\t\t\t><\/span>\n\t\t\t\t\t\t\t\t\t\t\t<\/div>\n\t\t\t\t<\/div>\n\n\n\t\t\t<\/div>\n\t\t<\/div>\n\t<\/div>\n\n\t\n\n\n<script>\n\tvar images_display_descriptive_text = \"\";\n<\/script>\n<\/div>\n\n\n\n<div class=\"wp-block-column is-layout-flow wp-block-column-is-layout-flow\" style=\"flex-basis:15%\"><\/div>\n<\/div>\n\n\n\n\n<section  class=\"ams-cta ams-cta--stacked c-block l-stacked\" data-color-scheme=\"beige\">\n\t<div class=\"l-container-narrow l-stack l-stack-fluid-2xl u-pt-fluid-3xl-6xl u-pb-fluid-3xl-6xl is-center is-center@md\">\n\t\t\t\t\t<div class=\"ams-cta__intro l-stack l-stack-lg\">\n\t\t\t\t\t\n\t<h2\n\tclass=\"c-heading u-font-title-1 \"\n\tstyle=\"\">\n\t\t\n\t\t\t\t\tVill du l\u00e4sa mer om Montessoripedagogiken?\n\t\t\t\t\n\t<\/h2>\n\n\t\t\t\t\t\t\t<\/div>\n\t\t\n\t\t\n\t\t\t<div class=\"ams-cta__action u-inline-items\">\n\t\t\t\t\t\t\t\n\n\n<a href=\"https:\/\/montessorimondial.se\/kungsholmen\/montessoripedagogik\/\"\n\t\n\tclass=\"c-btn \"\n\tdata-style=\"rounded\"\n\tdata-size=\"md\"\n\tdata-width=\"full-mobile\"\n\tdata-variant=\"default\"\n\ttarget=\"_self\">\n\t\t\t<span class=\"label\"> Modern Montessoripedagogik<\/span>\n\t\t\t<\/a>\n\t\t\t<\/div>\n\t<\/div>\n\n\t\t\n\t\t\t\n\t\t\t\t\t\t\t\n\t\t\t\t<div class=\"c-bg c-bg--img\" data-settings=\"{&quot;desktop_settings&quot;:{&quot;size&quot;:&quot;auto&quot;,&quot;position&quot;:&quot;top-left&quot;},&quot;mobile_settings&quot;:{&quot;size&quot;:&quot;auto&quot;,&quot;position&quot;:&quot;top-left&quot;}}\" data-position=\"middle-center\" data-size=\"cover\">\n\t\t\t\n\t\t<\/div>\n\t\t\t\n\t\t\t\t\t\t\t\n\t\t\t\t<div class=\"c-bg c-bg--img\" data-settings=\"{&quot;desktop_settings&quot;:{&quot;size&quot;:&quot;auto&quot;,&quot;position&quot;:&quot;bottom-right&quot;},&quot;mobile_settings&quot;:{&quot;size&quot;:&quot;auto&quot;,&quot;position&quot;:&quot;bottom-right&quot;}}\" data-position=\"middle-center\" data-size=\"cover\">\n\t\t\t\n\t\t<\/div>\n\t\n<\/section>\n","protected":false},"template":"","article_category":[17],"yoast_head":"<!-- This site is optimized with the Yoast SEO plugin v22.0 - https:\/\/yoast.com\/wordpress\/plugins\/seo\/ -->\n<title>L\u00e4r k\u00e4nna v\u00e5ra pedagoger | Montessori Mondial Kungsholmen<\/title>\n<meta name=\"description\" content=\"L\u00e4r k\u00e4nna v\u00e5ra pedagoger p\u00e5 Montessori Mondial Kungsholmen. Vad tycker de \u00e4r mest givande med att jobba p\u00e5 en montessoriskola?\" \/>\n<meta name=\"robots\" content=\"index, follow, max-snippet:-1, max-image-preview:large, max-video-preview:-1\" \/>\n<link rel=\"canonical\" href=\"https:\/\/montessorimondial.se\/kungsholmen\/artikel\/pedagoger\/\" \/>\n<meta property=\"og:locale\" content=\"sv_SE\" \/>\n<meta property=\"og:type\" content=\"article\" \/>\n<meta property=\"og:title\" content=\"L\u00e4r k\u00e4nna v\u00e5ra pedagoger | Montessori Mondial Kungsholmen\" \/>\n<meta property=\"og:description\" content=\"L\u00e4r k\u00e4nna v\u00e5ra pedagoger p\u00e5 Montessori Mondial Kungsholmen. Vad tycker de \u00e4r mest givande med att jobba p\u00e5 en montessoriskola?\" \/>\n<meta property=\"og:url\" content=\"https:\/\/montessorimondial.se\/kungsholmen\/artikel\/pedagoger\/\" \/>\n<meta property=\"og:site_name\" content=\"Kungsholmen\" \/>\n<meta property=\"article:modified_time\" content=\"2025-12-09T14:43:15+00:00\" \/>\n<meta name=\"twitter:card\" content=\"summary_large_image\" \/>\n<meta name=\"twitter:title\" content=\"L\u00e4r k\u00e4nna v\u00e5ra pedagoger | Montessori Mondial Kungsholmen\" \/>\n<meta name=\"twitter:description\" content=\"L\u00e4r k\u00e4nna v\u00e5ra pedagoger p\u00e5 Montessori Mondial Kungsholmen. Vad tycker de \u00e4r mest givande med att jobba p\u00e5 en montessoriskola?\" \/>\n<meta name=\"twitter:image\" content=\"https:\/\/montessorimondial.se\/wp-content\/uploads\/sites\/13\/2025\/11\/elin-1200x630.jpg\" \/>\n<meta name=\"twitter:label1\" content=\"Ber\u00e4knad l\u00e4stid\" \/>\n\t<meta name=\"twitter:data1\" content=\"6 minuter\" \/>\n<script type=\"application\/ld+json\" class=\"yoast-schema-graph\">{\"@context\":\"https:\/\/schema.org\",\"@graph\":[{\"@type\":\"WebPage\",\"@id\":\"https:\/\/montessorimondial.se\/kungsholmen\/artikel\/pedagoger\/\",\"url\":\"https:\/\/montessorimondial.se\/kungsholmen\/artikel\/pedagoger\/\",\"name\":\"L\u00e4r k\u00e4nna v\u00e5ra pedagoger | Montessori Mondial Kungsholmen\",\"isPartOf\":{\"@id\":\"https:\/\/montessorimondial.se\/kungsholmen\/#website\"},\"datePublished\":\"2025-11-28T08:23:16+00:00\",\"dateModified\":\"2025-12-09T14:43:15+00:00\",\"description\":\"L\u00e4r k\u00e4nna v\u00e5ra pedagoger p\u00e5 Montessori Mondial Kungsholmen. Vad tycker de \u00e4r mest givande med att jobba p\u00e5 en montessoriskola?\",\"breadcrumb\":{\"@id\":\"https:\/\/montessorimondial.se\/kungsholmen\/artikel\/pedagoger\/#breadcrumb\"},\"inLanguage\":\"sv-SE\",\"potentialAction\":[{\"@type\":\"ReadAction\",\"target\":[\"https:\/\/montessorimondial.se\/kungsholmen\/artikel\/pedagoger\/\"]}]},{\"@type\":\"BreadcrumbList\",\"@id\":\"https:\/\/montessorimondial.se\/kungsholmen\/artikel\/pedagoger\/#breadcrumb\",\"itemListElement\":[{\"@type\":\"ListItem\",\"position\":1,\"name\":\"Start\",\"item\":\"https:\/\/montessorimondial.se\/kungsholmen\"},{\"@type\":\"ListItem\",\"position\":2,\"name\":\"Artikel\"}]},{\"@type\":\"WebSite\",\"@id\":\"https:\/\/montessorimondial.se\/kungsholmen\/#website\",\"url\":\"https:\/\/montessorimondial.se\/kungsholmen\/\",\"name\":\"Kungsholmen\",\"description\":\"Montessori Mondial Kungsholmen\",\"potentialAction\":[{\"@type\":\"SearchAction\",\"target\":{\"@type\":\"EntryPoint\",\"urlTemplate\":\"https:\/\/montessorimondial.se\/kungsholmen\/?s={search_term_string}\"},\"query-input\":\"required name=search_term_string\"}],\"inLanguage\":\"sv-SE\"}]}<\/script>\n<!-- \/ Yoast SEO plugin. -->","yoast_head_json":{"title":"L\u00e4r k\u00e4nna v\u00e5ra pedagoger | Montessori Mondial Kungsholmen","description":"L\u00e4r k\u00e4nna v\u00e5ra pedagoger p\u00e5 Montessori Mondial Kungsholmen. Vad tycker de \u00e4r mest givande med att jobba p\u00e5 en montessoriskola?","robots":{"index":"index","follow":"follow","max-snippet":"max-snippet:-1","max-image-preview":"max-image-preview:large","max-video-preview":"max-video-preview:-1"},"canonical":"https:\/\/montessorimondial.se\/kungsholmen\/artikel\/pedagoger\/","og_locale":"sv_SE","og_type":"article","og_title":"L\u00e4r k\u00e4nna v\u00e5ra pedagoger | Montessori Mondial Kungsholmen","og_description":"L\u00e4r k\u00e4nna v\u00e5ra pedagoger p\u00e5 Montessori Mondial Kungsholmen. Vad tycker de \u00e4r mest givande med att jobba p\u00e5 en montessoriskola?","og_url":"https:\/\/montessorimondial.se\/kungsholmen\/artikel\/pedagoger\/","og_site_name":"Kungsholmen","article_modified_time":"2025-12-09T14:43:15+00:00","twitter_card":"summary_large_image","twitter_title":"L\u00e4r k\u00e4nna v\u00e5ra pedagoger | Montessori Mondial Kungsholmen","twitter_description":"L\u00e4r k\u00e4nna v\u00e5ra pedagoger p\u00e5 Montessori Mondial Kungsholmen. Vad tycker de \u00e4r mest givande med att jobba p\u00e5 en montessoriskola?","twitter_image":"https:\/\/montessorimondial.se\/wp-content\/uploads\/sites\/13\/2025\/11\/elin-1200x630.jpg","twitter_misc":{"Ber\u00e4knad l\u00e4stid":"6 minuter"},"schema":{"@context":"https:\/\/schema.org","@graph":[{"@type":"WebPage","@id":"https:\/\/montessorimondial.se\/kungsholmen\/artikel\/pedagoger\/","url":"https:\/\/montessorimondial.se\/kungsholmen\/artikel\/pedagoger\/","name":"L\u00e4r k\u00e4nna v\u00e5ra pedagoger | Montessori Mondial Kungsholmen","isPartOf":{"@id":"https:\/\/montessorimondial.se\/kungsholmen\/#website"},"datePublished":"2025-11-28T08:23:16+00:00","dateModified":"2025-12-09T14:43:15+00:00","description":"L\u00e4r k\u00e4nna v\u00e5ra pedagoger p\u00e5 Montessori Mondial Kungsholmen. Vad tycker de \u00e4r mest givande med att jobba p\u00e5 en montessoriskola?","breadcrumb":{"@id":"https:\/\/montessorimondial.se\/kungsholmen\/artikel\/pedagoger\/#breadcrumb"},"inLanguage":"sv-SE","potentialAction":[{"@type":"ReadAction","target":["https:\/\/montessorimondial.se\/kungsholmen\/artikel\/pedagoger\/"]}]},{"@type":"BreadcrumbList","@id":"https:\/\/montessorimondial.se\/kungsholmen\/artikel\/pedagoger\/#breadcrumb","itemListElement":[{"@type":"ListItem","position":1,"name":"Start","item":"https:\/\/montessorimondial.se\/kungsholmen"},{"@type":"ListItem","position":2,"name":"Artikel"}]},{"@type":"WebSite","@id":"https:\/\/montessorimondial.se\/kungsholmen\/#website","url":"https:\/\/montessorimondial.se\/kungsholmen\/","name":"Kungsholmen","description":"Montessori Mondial Kungsholmen","potentialAction":[{"@type":"SearchAction","target":{"@type":"EntryPoint","urlTemplate":"https:\/\/montessorimondial.se\/kungsholmen\/?s={search_term_string}"},"query-input":"required name=search_term_string"}],"inLanguage":"sv-SE"}]}},"_links":{"self":[{"href":"https:\/\/montessorimondial.se\/kungsholmen\/wp-json\/wp\/v2\/article\/2639"}],"collection":[{"href":"https:\/\/montessorimondial.se\/kungsholmen\/wp-json\/wp\/v2\/article"}],"about":[{"href":"https:\/\/montessorimondial.se\/kungsholmen\/wp-json\/wp\/v2\/types\/article"}],"wp:attachment":[{"href":"https:\/\/montessorimondial.se\/kungsholmen\/wp-json\/wp\/v2\/media?parent=2639"}],"wp:term":[{"taxonomy":"article_category","embeddable":true,"href":"https:\/\/montessorimondial.se\/kungsholmen\/wp-json\/wp\/v2\/article_category?post=2639"}],"curies":[{"name":"wp","href":"https:\/\/api.w.org\/{rel}","templated":true}]}}