{"id":1142,"date":"2022-04-26T11:00:00","date_gmt":"2022-04-26T09:00:00","guid":{"rendered":"https:\/\/montessorimondial.se\/malarhojden\/?post_type=article&#038;p=1142"},"modified":"2024-02-27T10:59:36","modified_gmt":"2024-02-27T09:59:36","slug":"rektorsintervju","status":"publish","type":"article","link":"https:\/\/montessorimondial.se\/malarhojden\/artikel\/rektorsintervju\/","title":{"rendered":"Rektorsintervju"},"content":{"rendered":"\n<div class=\"wp-block-columns is-layout-flex wp-container-core-columns-layout-1 wp-block-columns-is-layout-flex\">\n<div class=\"wp-block-column is-layout-flow wp-block-column-is-layout-flow\" style=\"flex-basis:25%\"><\/div>\n\n\n\n<div class=\"wp-block-column is-layout-flow wp-block-column-is-layout-flow\" style=\"flex-basis:75%\">\n<h1 class=\"wp-block-heading\">L\u00e4r k\u00e4nna skolans rektor!&nbsp;<\/h1>\n\n\n\n<p   class=\"site__ingress container text-left  site__text-color--dark  site__free_text--ingress p-0\">\n\t\u201cMontessori Mondial M\u00e4larh\u00f6jden \u00e4r en skola d\u00e4r vi utvecklas och trivs tillsammans b\u00e5de inne och ute p\u00e5 v\u00e5r stora skolg\u00e5rd.&#8221; S\u00e5 beskriver rektor Diana von Rosen skolan.<\/p>\n\n\n\n\n\t<div\n\t\t class=\"module_wrapper container-fluid images-module\" >\n\t\t<div class=\"row\">\n\t\t\t<div\n\t\t\t\t\tclass=\"col-12 m-0 p-0 position-relative images_module__slideshow images_module__slideshow-container module-expand \">\n\n\t\t\t\t<div class=\"images_module__slide \" data-slide=\"\"\n\t\t\t\t\t data-duration=\"\"><\/div>\n\t\t\t\t\t\t\t\t\t<div\n\t\t\t\t\t\t class=\"images_module__slides \">\n\n\n\t\t\t\t\t\t<div class=\"images__wrapper\"\n\t\t\t\t\t\t\t style=\"aspect-ratio: 851 \/ 531;\">\n\t\t\t\t\t\t\t<img decoding=\"async\" width=\"1231\" height=\"690\" src=\"https:\/\/montessorimondial.se\/wp-content\/uploads\/sites\/12\/2022\/04\/mondialmalarhojdenheader.png\" class=\"images__image_ratio  \" alt=\"Diana von Rosen, rektor p\u00e5 \u201cMontessori Mondial M\u00e4larh\u00f6jden.\" style=\"aspect-ratio: 851 \/ 531;object-position: center center;\" srcset=\"https:\/\/montessorimondial.se\/wp-content\/uploads\/sites\/12\/2022\/04\/mondialmalarhojdenheader.png 1231w, https:\/\/montessorimondial.se\/wp-content\/uploads\/sites\/12\/2022\/04\/mondialmalarhojdenheader-300x168.png 300w, https:\/\/montessorimondial.se\/wp-content\/uploads\/sites\/12\/2022\/04\/mondialmalarhojdenheader-400x224.png 400w, https:\/\/montessorimondial.se\/wp-content\/uploads\/sites\/12\/2022\/04\/mondialmalarhojdenheader-600x336.png 600w, https:\/\/montessorimondial.se\/wp-content\/uploads\/sites\/12\/2022\/04\/mondialmalarhojdenheader-800x448.png 800w, https:\/\/montessorimondial.se\/wp-content\/uploads\/sites\/12\/2022\/04\/mondialmalarhojdenheader-1024x574.png 1024w, https:\/\/montessorimondial.se\/wp-content\/uploads\/sites\/12\/2022\/04\/mondialmalarhojdenheader-1200x673.png 1200w\" sizes=\"(max-width: 1231px) 100vw, 1231px\" \/>\t\t\t\t\t\t<\/div>\n\n\t\t\t\t\t\t\n\t\t\t\t\t\t\t\t\t\t\t<\/div>\n\t\t\t\t\n\t\t\t\t<div class=\"images_module__container_dot \">\n\t\t\t\t\t<div style=\"text-align:center\">\n\t\t\t\t\t\t\t\t\t\t\t\t\t<span   data-i=\"0\"\n\t\t\t\t\t\t\t\t  class=\"images_module__dot\n\t\t\t\t\t\t\t\t\t\t\t\t\t  \"><\/span>\n\t\t\t\t\t\t\t\t\t\t\t<\/div>\n\t\t\t\t<\/div>\n\n\t\t\t<\/div>\n\t\t<\/div>\n\t<\/div>\n\n\n\t\n\n\n<script>\n\tvar images_display_descriptive_text = \"\";\n<\/script>\n\n\n\n<div style=\"height:27px\" aria-hidden=\"true\" class=\"wp-block-spacer\"><\/div>\n\n\n\n<p>Diana har arbetat som rektor i \u00f6ver tio \u00e5r och har l\u00e5ng erfarenhet inom montessoripedagogiken. Innan sin rektorstj\u00e4nst har hon jobbat som adjunkt i Montessoripedagogik p\u00e5 Stockholms universitet och som f\u00f6rskoll\u00e4rare och l\u00e4rare under m\u00e5nga \u00e5r p\u00e5 en Montessoriskola.<\/p>\n\n\n\n<h2 class=\"wp-block-heading\">Vad \u00e4r det b\u00e4sta med ditt jobb?<\/h2>\n\n\n\n<p>&#8211; Att f\u00e5 bidra till att elever och pedagoger utvecklas, det \u00e4r det allra b\u00e4sta med mitt jobb, ber\u00e4ttar Diana.<\/p>\n\n\n\n<h2 class=\"wp-block-heading\">Vad \u00e4r det b\u00e4sta med montessoripedagogiken?<\/h2>\n\n\n\n<p>&#8211; Det b\u00e4sta med Montessoripedagogiken \u00e4r att den utg\u00e5r fr\u00e5n barnens utveckling och behov, p\u00e5 s\u00e5 s\u00e4tt \u00e4r den unik, f\u00f6rklarar Diana.<\/p>\n\n\n\n<h2 class=\"wp-block-heading\">Vad f\u00e5r barnen och eleverna ut av att g\u00e5 p\u00e5 en montessoriskola?<\/h2>\n\n\n\n<p>&#8211; De f\u00e5r g\u00e5 i en skola d\u00e4r pedagogiken \u00e4r utformad utifr\u00e5n barn och deras olika behov vilket m\u00f6jligg\u00f6r att de kan n\u00e5 sin fulla potential.&nbsp;<\/p>\n\n\n\n<h2 class=\"wp-block-heading\">\u00c4r du extra stolt \u00f6ver n\u00e5got p\u00e5 din enhet?<\/h2>\n\n\n\n<p>&#8211; P\u00e5 v\u00e5r skola arbetar vi alla tillsammans f\u00f6r v\u00e5ra elevers b\u00e4sta, varje dag.<\/p>\n<\/div>\n\n\n\n<div class=\"wp-block-column is-layout-flow wp-block-column-is-layout-flow\" style=\"flex-basis:25%\"><\/div>\n<\/div>\n\n\n\n\n<div class=\"container-fluid  site__secondary-bg--25  full_width_talker_bg_img full_width_talker text_align--Center\" style=\"position:relative\">\n\t<div class=\"row noblaskolan-border-6 \"\n\t\tstyle=\"border-color:#282828; height:100% width:100%\">\n\t\t<div class=\"col-12\">\n\n\t\t\t<div style=\"display:none\" class=\"full_width_talker__jsdata_bg\"\n\t\t\t\tdata-url=\"\">\n\t\t\t<\/div>\n\n\t\t\t\t\t\t\n\t\t\t\t<div class=\"full-width-triangle-top-right animate__animated d-none d-lg-block\" ><\/div>\n\t\t\t\t\t\n\t\t\t\t\t<div class=\"full-width-quarter-cirkle-bottom-left animate__animated d-none d-lg-block\"><\/div>\n\n\t\t\t\t\n\t\t\t<div class=\"topleft_bg\" >\n\n\n\t\t\t\t<div class=\"py-lg-4 bottomright_bg\">\n\n\n\t\t\t\t\t\n\t\t\t\t\t<div class=\"row\">\n\n\t\t\t\t\t\t<div class=\"col-12 d-lg-none pl-0\">\n\n\n\t\t\t\t\t\t\t\t\t\n\t\t\t\t\t\t\t<div class=\"full-width-triangle-top-right animate__animated\" ><\/div>\n\t\t\t\t\t\t\t   \n\t\t\t\t\t\t\t\t\t\t\t\t\t<\/div>\n\n\t\t\t\t\t<\/div>\n\n\n\t\t\t\t\t<div class=\"row mt-lg-4 pt-5 pt-md-0\">\n\t\t\t\t\t\t<article class=\"offset-lg-3 col-lg-6 text-center\">\n\t\t\t\t\t\t\t\t\t\t\t\t\t\t\t\t\t\t\t\t\t\t<h2 class=\"site__heading-size-2  site__text-color  \">\n\t\t\t\t\t\t\t\t\tVill du veta mer om Montessori Mondial M\u00e4larh\u00f6jden?\t\t\t\t\t\t\t\t\t\t\t\t\t\t\t\t<\/h2>\n\t\t\t\t\t\t\t\t\t\t\t\t\t\t\t\t\t\t\t\t\t<div class=\"px-3 px-m-0  site__text-color--dark   site_default_a_wysiwyg\">\n\t\t\t\t\t\t\t\t<div class=\"anchor_classes_div\"\n\t\t\t\t\t\t\t\t\t data-cta=\" nostyle site__a_cta \"\n\t\t\t\t\t\t\t\t\t data-theme=\" nostyle site__a_text \"\n\t\t\t\t\t\t\t\t\t data-darklight=\" nostyle site__a_dark \">\n\t\t\t\t\t\t\t\t\t\t\t\t\t\t\t\t\t<\/div>\n\t\t\t\t\t\t\t<\/div>\n\t\t\t\t\t\t<\/article>\n\t\t\t\t\t<\/div>\n\t\t\t\t\t\t\t\t\t\t<div class=\"row\">\n\t\t\t\t\t\t<div class=\"col-md-12\">\n\t\t\t\t\t\t\t<div class=\"d-flex pb-4 pb-md-0 text_align--Center\">\n\t\t\t\t\t\t\t\t\t\t\t\t\t\t\t\t<div class=\"card border-0 m-auto m-sm-4 text-center card-width  \">\n\t\t\t\t\t\t\t\t\t<a   style=\"max-width:350px;\" id=\"\" href=\"https:\/\/montessorimondial.se\/malarhojden\/om\/\" target=\"\" class=\"btn text-center site__buttons-1 pt-2 site__cta-bg--100 site__text-color--light site__text-color--dark slightly-rounded-corners-btn-shape ams_active_button_state_default\" title=\"Om skolan\">\n\t\t\t\t\t\t\t\t\t\tOm skolan\n\t\t\t\t\t\t\t\t\t<\/a>\n\t\t\t\t\t\t\t\t<\/div>\n\t\t\t\t\t\t\t\t\n\t\t\t\t\t\t\t<\/div>\n\t\t\t\t\t\t<\/div>\n\t\t\t\t\t<\/div>\n\t\t\t\t\t\n\n\t\t\t\t<div class=\"row\">\n\t\t\t\t\t<div class=\"col-12 d-lg-none text-right mt-3 pr-0 clearfix\">\n\t\t\t\t\t\t\n\t\t\t\t\t\t\t\t<div class=\"full-width-quarter-cirkle-bottom-left animate__animated float-right\"><\/div>\n\n\t\t\t\t\t\t\t\t\t\t\t\t\t<\/div>\n\t\t\t\t\t<\/div>\n\n\t\t\t\t<\/div>\n\n\n\t\t\t<\/div>\n\t\t<\/div>\n\t<\/div>\n<\/div>\n","protected":false},"template":"","article_category":[17],"yoast_head":"<!-- This site is optimized with the Yoast SEO plugin v22.0 - https:\/\/yoast.com\/wordpress\/plugins\/seo\/ -->\n<title>Intervju med Diana von Rosen | Rektor | M\u00e4larh\u00f6jden<\/title>\n<meta name=\"description\" content=\"\u201cMontessori Mondial M\u00e4larh\u00f6jden \u00e4r en skola d\u00e4r vi utvecklas och trivs tillsammans.&quot; L\u00e4s intervjun och l\u00e4r k\u00e4nna skolans rektor lite b\u00e4ttre.\" \/>\n<meta name=\"robots\" content=\"index, follow, max-snippet:-1, max-image-preview:large, max-video-preview:-1\" \/>\n<link rel=\"canonical\" href=\"https:\/\/montessorimondial.se\/malarhojden\/artikel\/rektorsintervju\/\" \/>\n<meta property=\"og:locale\" content=\"sv_SE\" \/>\n<meta property=\"og:type\" content=\"article\" \/>\n<meta property=\"og:title\" content=\"Intervju med Diana von Rosen | Rektor | M\u00e4larh\u00f6jden\" \/>\n<meta property=\"og:description\" content=\"\u201cMontessori Mondial M\u00e4larh\u00f6jden \u00e4r en skola d\u00e4r vi utvecklas och trivs tillsammans.&quot; L\u00e4s intervjun och l\u00e4r k\u00e4nna skolans rektor lite b\u00e4ttre.\" \/>\n<meta property=\"og:url\" content=\"https:\/\/montessorimondial.se\/malarhojden\/artikel\/rektorsintervju\/\" \/>\n<meta property=\"og:site_name\" content=\"M\u00e4larh\u00f6jden\" \/>\n<meta property=\"article:modified_time\" content=\"2024-02-27T09:59:36+00:00\" \/>\n<meta name=\"twitter:card\" content=\"summary_large_image\" \/>\n<meta name=\"twitter:title\" content=\"Intervju med Diana von Rosen | Rektor | M\u00e4larh\u00f6jden\" \/>\n<meta name=\"twitter:description\" content=\"\u201cMontessori Mondial M\u00e4larh\u00f6jden \u00e4r en skola d\u00e4r vi utvecklas och trivs tillsammans.&quot; L\u00e4s intervjun och l\u00e4r k\u00e4nna skolans rektor lite b\u00e4ttre.\" \/>\n<meta name=\"twitter:image\" content=\"https:\/\/montessorimondial.se\/wp-content\/uploads\/sites\/12\/2022\/04\/mondialmalarhojdenheader-1200x630.png\" \/>\n<meta name=\"twitter:label1\" content=\"Ber\u00e4knad l\u00e4stid\" \/>\n\t<meta name=\"twitter:data1\" content=\"1 minut\" \/>\n<script type=\"application\/ld+json\" class=\"yoast-schema-graph\">{\"@context\":\"https:\/\/schema.org\",\"@graph\":[{\"@type\":\"WebPage\",\"@id\":\"https:\/\/montessorimondial.se\/malarhojden\/artikel\/rektorsintervju\/\",\"url\":\"https:\/\/montessorimondial.se\/malarhojden\/artikel\/rektorsintervju\/\",\"name\":\"Intervju med Diana von Rosen | Rektor | M\u00e4larh\u00f6jden\",\"isPartOf\":{\"@id\":\"https:\/\/montessorimondial.se\/malarhojden\/#website\"},\"datePublished\":\"2022-04-26T09:00:00+00:00\",\"dateModified\":\"2024-02-27T09:59:36+00:00\",\"description\":\"\u201cMontessori Mondial M\u00e4larh\u00f6jden \u00e4r en skola d\u00e4r vi utvecklas och trivs tillsammans.\\\" L\u00e4s intervjun och l\u00e4r k\u00e4nna skolans rektor lite b\u00e4ttre.\",\"breadcrumb\":{\"@id\":\"https:\/\/montessorimondial.se\/malarhojden\/artikel\/rektorsintervju\/#breadcrumb\"},\"inLanguage\":\"sv-SE\",\"potentialAction\":[{\"@type\":\"ReadAction\",\"target\":[\"https:\/\/montessorimondial.se\/malarhojden\/artikel\/rektorsintervju\/\"]}]},{\"@type\":\"BreadcrumbList\",\"@id\":\"https:\/\/montessorimondial.se\/malarhojden\/artikel\/rektorsintervju\/#breadcrumb\",\"itemListElement\":[{\"@type\":\"ListItem\",\"position\":1,\"name\":\"Start\",\"item\":\"https:\/\/montessorimondial.se\/malarhojden\"},{\"@type\":\"ListItem\",\"position\":2,\"name\":\"Artikel\"}]},{\"@type\":\"WebSite\",\"@id\":\"https:\/\/montessorimondial.se\/malarhojden\/#website\",\"url\":\"https:\/\/montessorimondial.se\/malarhojden\/\",\"name\":\"M\u00e4larh\u00f6jden\",\"description\":\"Montessorimondial M\u00e4larh\u00f6jden\",\"potentialAction\":[{\"@type\":\"SearchAction\",\"target\":{\"@type\":\"EntryPoint\",\"urlTemplate\":\"https:\/\/montessorimondial.se\/malarhojden\/?s={search_term_string}\"},\"query-input\":\"required name=search_term_string\"}],\"inLanguage\":\"sv-SE\"}]}<\/script>\n<!-- \/ Yoast SEO plugin. -->","yoast_head_json":{"title":"Intervju med Diana von Rosen | Rektor | M\u00e4larh\u00f6jden","description":"\u201cMontessori Mondial M\u00e4larh\u00f6jden \u00e4r en skola d\u00e4r vi utvecklas och trivs tillsammans.\" L\u00e4s intervjun och l\u00e4r k\u00e4nna skolans rektor lite b\u00e4ttre.","robots":{"index":"index","follow":"follow","max-snippet":"max-snippet:-1","max-image-preview":"max-image-preview:large","max-video-preview":"max-video-preview:-1"},"canonical":"https:\/\/montessorimondial.se\/malarhojden\/artikel\/rektorsintervju\/","og_locale":"sv_SE","og_type":"article","og_title":"Intervju med Diana von Rosen | Rektor | M\u00e4larh\u00f6jden","og_description":"\u201cMontessori Mondial M\u00e4larh\u00f6jden \u00e4r en skola d\u00e4r vi utvecklas och trivs tillsammans.\" L\u00e4s intervjun och l\u00e4r k\u00e4nna skolans rektor lite b\u00e4ttre.","og_url":"https:\/\/montessorimondial.se\/malarhojden\/artikel\/rektorsintervju\/","og_site_name":"M\u00e4larh\u00f6jden","article_modified_time":"2024-02-27T09:59:36+00:00","twitter_card":"summary_large_image","twitter_title":"Intervju med Diana von Rosen | Rektor | M\u00e4larh\u00f6jden","twitter_description":"\u201cMontessori Mondial M\u00e4larh\u00f6jden \u00e4r en skola d\u00e4r vi utvecklas och trivs tillsammans.\" L\u00e4s intervjun och l\u00e4r k\u00e4nna skolans rektor lite b\u00e4ttre.","twitter_image":"https:\/\/montessorimondial.se\/wp-content\/uploads\/sites\/12\/2022\/04\/mondialmalarhojdenheader-1200x630.png","twitter_misc":{"Ber\u00e4knad l\u00e4stid":"1 minut"},"schema":{"@context":"https:\/\/schema.org","@graph":[{"@type":"WebPage","@id":"https:\/\/montessorimondial.se\/malarhojden\/artikel\/rektorsintervju\/","url":"https:\/\/montessorimondial.se\/malarhojden\/artikel\/rektorsintervju\/","name":"Intervju med Diana von Rosen | Rektor | M\u00e4larh\u00f6jden","isPartOf":{"@id":"https:\/\/montessorimondial.se\/malarhojden\/#website"},"datePublished":"2022-04-26T09:00:00+00:00","dateModified":"2024-02-27T09:59:36+00:00","description":"\u201cMontessori Mondial M\u00e4larh\u00f6jden \u00e4r en skola d\u00e4r vi utvecklas och trivs tillsammans.\" L\u00e4s intervjun och l\u00e4r k\u00e4nna skolans rektor lite b\u00e4ttre.","breadcrumb":{"@id":"https:\/\/montessorimondial.se\/malarhojden\/artikel\/rektorsintervju\/#breadcrumb"},"inLanguage":"sv-SE","potentialAction":[{"@type":"ReadAction","target":["https:\/\/montessorimondial.se\/malarhojden\/artikel\/rektorsintervju\/"]}]},{"@type":"BreadcrumbList","@id":"https:\/\/montessorimondial.se\/malarhojden\/artikel\/rektorsintervju\/#breadcrumb","itemListElement":[{"@type":"ListItem","position":1,"name":"Start","item":"https:\/\/montessorimondial.se\/malarhojden"},{"@type":"ListItem","position":2,"name":"Artikel"}]},{"@type":"WebSite","@id":"https:\/\/montessorimondial.se\/malarhojden\/#website","url":"https:\/\/montessorimondial.se\/malarhojden\/","name":"M\u00e4larh\u00f6jden","description":"Montessorimondial M\u00e4larh\u00f6jden","potentialAction":[{"@type":"SearchAction","target":{"@type":"EntryPoint","urlTemplate":"https:\/\/montessorimondial.se\/malarhojden\/?s={search_term_string}"},"query-input":"required name=search_term_string"}],"inLanguage":"sv-SE"}]}},"_links":{"self":[{"href":"https:\/\/montessorimondial.se\/malarhojden\/wp-json\/wp\/v2\/article\/1142"}],"collection":[{"href":"https:\/\/montessorimondial.se\/malarhojden\/wp-json\/wp\/v2\/article"}],"about":[{"href":"https:\/\/montessorimondial.se\/malarhojden\/wp-json\/wp\/v2\/types\/article"}],"wp:attachment":[{"href":"https:\/\/montessorimondial.se\/malarhojden\/wp-json\/wp\/v2\/media?parent=1142"}],"wp:term":[{"taxonomy":"article_category","embeddable":true,"href":"https:\/\/montessorimondial.se\/malarhojden\/wp-json\/wp\/v2\/article_category?post=1142"}],"curies":[{"name":"wp","href":"https:\/\/api.w.org\/{rel}","templated":true}]}}