{"id":685,"date":"2020-10-12T12:39:05","date_gmt":"2020-10-12T10:39:05","guid":{"rendered":"https:\/\/montessorimondial.se\/malarhojden\/?post_type=article&#038;p=685"},"modified":"2024-02-27T10:59:17","modified_gmt":"2024-02-27T09:59:17","slug":"intervju-med-rektorn","status":"publish","type":"article","link":"https:\/\/montessorimondial.se\/malarhojden\/artikel\/intervju-med-rektorn\/","title":{"rendered":"Intervju med rektorn"},"content":{"rendered":"\n<div class=\"wp-block-group is-style-narrow is-layout-flow wp-block-group-is-layout-flow\">\n<h1 class=\"wp-block-heading\">S\u00e4g hej till rektor Diana<\/h1>\n\n\n\n<p><strong>Diana von Rosen, rektor p\u00e5 Montessori Mondial, har 40 \u00e5rs erfarenhet inom skolv\u00e4rlden i bagaget. Det viktigaste f\u00f6r henne \u00e4r att f\u00f6lja barnens naturliga drivkrafter och att bedriva en skola d\u00e4r eleverna f\u00e5r vara sig sj\u00e4lva i en stark gemenskap.&nbsp;<\/strong><\/p>\n\n\n\n<h2 class=\"wp-block-heading\">Hur skulle du beskriva din skola?<\/h2>\n\n\n\n<p>Hos oss arbetar vi, genom Montessoripedagogiken, f\u00f6r att ge barn m\u00f6jligheten att utvecklas till f\u00f6rdomsfria, \u00f6ppna, nyfikna och ifr\u00e5gas\u00e4ttande vuxna som v\u00e5gar st\u00e5 f\u00f6r sina \u00e5sikter. Personalen har ekologisk kunskap och insikt om att vi bor p\u00e5 en enda jord och d\u00e4rf\u00f6r ser samexistens och fred som den enda m\u00f6jligheten f\u00f6r m\u00e4nskligheten.<\/p>\n\n\n\n<p>Maria Montessori hade en holistisk syn p\u00e5 l\u00e4rande vilket inneb\u00e4r att eleverna ges en helhet innan de studerar detaljerna. Vi delar den kunskapssynen och arbetar g\u00e4rna med olika \u00e4mnesintegrerade projekt p\u00e5 alla stadier.&nbsp;<\/p>\n\n\n\n<h2 class=\"wp-block-heading\">Vad inneb\u00e4r montessori f\u00f6r dig?<\/h2>\n\n\n\n<p>Pedagogiken grundar sig i en klar uppfattning om m\u00e5let och uppfostran. Det \u00e4r en filosofi om alla individers betydelse. F\u00f6r att f\u00f6rst\u00e5 v\u00e4rlden och allt som h\u00e4nder m\u00e5ste varje individ ha ett helhetsperspektiv. Inom montessoripedagogiken l\u00e4r sig barnen att det som har h\u00e4nt och det som sker idag har ett samband. Barnen ska verkligen inspireras av att vara en del av helheten, k\u00e4nna beundran och f\u00f6rundran f\u00f6r allt levande. M\u00e5let \u00e4r att de forts\u00e4tter vara nyfikna p\u00e5 allt omkring dem genom hela livet.<\/p>\n\n\n\t<div\n\t\t class=\"container images-module \" >\n\n\t\t\t\t<div   id=\"images_col\" style=\"display:none\"\n\t\t\t class=\"col-md-6 p-4 position-relative \">\n\t\t<\/div>\n\n\t\t\t\t\n\t\t\n\t\t\t\t<div class=\"row images-module__row\">\n\n\t\t\t\t\t\t\t\t\t\t\n\t\t\t\t<div   data-url=\"https:\/\/montessorimondial.se\/wp-content\/uploads\/sites\/12\/2020\/10\/skarmavbild-2020-10-12-kl-123717.png\"\n\t\t\t\t\t data-description=\"Rektor Diana\"\n\t\t\t\t\t data-styl=\"aspect-ratio: 625 \/ 567;object-position: center center;\"\n\t\t\t\t\t data-alt=\"Rektor Diana\"\n\t\t\t\t\t class=\" \"\n\t\t\t\t>\n\t\t\t\t<\/div>\n\n\t\t\t\t\t<\/div>\n\n\n\t\t\t\t<div class=\"row\" id=\"images-module-gallery\">\n\t\t\t<div class=\"col-md-12 text-center\">\n\n\t\t\t\t<button   class=\"\n\t\t\t\td-none\t\t\t\tbtn px-4\n\t\t\t\t\t\t\t\tmy-2\n\t\t\t\tm-m-auto\n\t\t\t\ttext-center\">\n\t\t\t\t\tVisa alla bilder\n\t\t\t\t<\/button>\n\t\t\t<\/div>\n\t\t<\/div>\n\n\n\t<\/div>\n\n\t\n\n\n<script>\n\tvar images_display_descriptive_text = \"\";\n<\/script>\n<\/div>\n","protected":false},"template":"","article_category":[17],"yoast_head":"<!-- This site is optimized with the Yoast SEO plugin v22.0 - https:\/\/yoast.com\/wordpress\/plugins\/seo\/ -->\n<title>Intervju med skolans rektor | Montessori Mondial M\u00e4larh\u00f6jden<\/title>\n<meta name=\"description\" content=\"H\u00e4r hittar du en intervju med v\u00e5r rektor, som ber\u00e4ttar om vikten av barnens naturliga drivkrafter och hur hon vill bedriva en skola.\" \/>\n<meta name=\"robots\" content=\"index, follow, max-snippet:-1, max-image-preview:large, max-video-preview:-1\" \/>\n<link rel=\"canonical\" href=\"https:\/\/montessorimondial.se\/malarhojden\/artikel\/intervju-med-rektorn\/\" \/>\n<meta property=\"og:locale\" content=\"sv_SE\" \/>\n<meta property=\"og:type\" content=\"article\" \/>\n<meta property=\"og:title\" content=\"Intervju med skolans rektor | Montessori Mondial M\u00e4larh\u00f6jden\" \/>\n<meta property=\"og:description\" content=\"H\u00e4r hittar du en intervju med v\u00e5r rektor, som ber\u00e4ttar om vikten av barnens naturliga drivkrafter och hur hon vill bedriva en skola.\" \/>\n<meta property=\"og:url\" content=\"https:\/\/montessorimondial.se\/malarhojden\/artikel\/intervju-med-rektorn\/\" \/>\n<meta property=\"og:site_name\" content=\"M\u00e4larh\u00f6jden\" \/>\n<meta property=\"article:modified_time\" content=\"2024-02-27T09:59:17+00:00\" \/>\n<meta name=\"twitter:card\" content=\"summary_large_image\" \/>\n<meta name=\"twitter:title\" content=\"Intervju med skolans rektor | Montessori Mondial M\u00e4larh\u00f6jden\" \/>\n<meta name=\"twitter:description\" content=\"H\u00e4r hittar du en intervju med v\u00e5r rektor, som ber\u00e4ttar om vikten av barnens naturliga drivkrafter och hur hon vill bedriva en skola.\" \/>\n<meta name=\"twitter:image\" content=\"https:\/\/montessorimondial.se\/wp-content\/uploads\/sites\/12\/2020\/10\/skarmavbild-2020-10-12-kl-123717.png\" \/>\n<meta name=\"twitter:label1\" content=\"Ber\u00e4knad l\u00e4stid\" \/>\n\t<meta name=\"twitter:data1\" content=\"2 minuter\" \/>\n<script type=\"application\/ld+json\" class=\"yoast-schema-graph\">{\"@context\":\"https:\/\/schema.org\",\"@graph\":[{\"@type\":\"WebPage\",\"@id\":\"https:\/\/montessorimondial.se\/malarhojden\/artikel\/intervju-med-rektorn\/\",\"url\":\"https:\/\/montessorimondial.se\/malarhojden\/artikel\/intervju-med-rektorn\/\",\"name\":\"Intervju med skolans rektor | Montessori Mondial M\u00e4larh\u00f6jden\",\"isPartOf\":{\"@id\":\"https:\/\/montessorimondial.se\/malarhojden\/#website\"},\"datePublished\":\"2020-10-12T10:39:05+00:00\",\"dateModified\":\"2024-02-27T09:59:17+00:00\",\"description\":\"H\u00e4r hittar du en intervju med v\u00e5r rektor, som ber\u00e4ttar om vikten av barnens naturliga drivkrafter och hur hon vill bedriva en skola.\",\"breadcrumb\":{\"@id\":\"https:\/\/montessorimondial.se\/malarhojden\/artikel\/intervju-med-rektorn\/#breadcrumb\"},\"inLanguage\":\"sv-SE\",\"potentialAction\":[{\"@type\":\"ReadAction\",\"target\":[\"https:\/\/montessorimondial.se\/malarhojden\/artikel\/intervju-med-rektorn\/\"]}]},{\"@type\":\"BreadcrumbList\",\"@id\":\"https:\/\/montessorimondial.se\/malarhojden\/artikel\/intervju-med-rektorn\/#breadcrumb\",\"itemListElement\":[{\"@type\":\"ListItem\",\"position\":1,\"name\":\"Start\",\"item\":\"https:\/\/montessorimondial.se\/malarhojden\"},{\"@type\":\"ListItem\",\"position\":2,\"name\":\"Artikel\"}]},{\"@type\":\"WebSite\",\"@id\":\"https:\/\/montessorimondial.se\/malarhojden\/#website\",\"url\":\"https:\/\/montessorimondial.se\/malarhojden\/\",\"name\":\"M\u00e4larh\u00f6jden\",\"description\":\"Montessorimondial M\u00e4larh\u00f6jden\",\"potentialAction\":[{\"@type\":\"SearchAction\",\"target\":{\"@type\":\"EntryPoint\",\"urlTemplate\":\"https:\/\/montessorimondial.se\/malarhojden\/?s={search_term_string}\"},\"query-input\":\"required name=search_term_string\"}],\"inLanguage\":\"sv-SE\"}]}<\/script>\n<!-- \/ Yoast SEO plugin. -->","yoast_head_json":{"title":"Intervju med skolans rektor | Montessori Mondial M\u00e4larh\u00f6jden","description":"H\u00e4r hittar du en intervju med v\u00e5r rektor, som ber\u00e4ttar om vikten av barnens naturliga drivkrafter och hur hon vill bedriva en skola.","robots":{"index":"index","follow":"follow","max-snippet":"max-snippet:-1","max-image-preview":"max-image-preview:large","max-video-preview":"max-video-preview:-1"},"canonical":"https:\/\/montessorimondial.se\/malarhojden\/artikel\/intervju-med-rektorn\/","og_locale":"sv_SE","og_type":"article","og_title":"Intervju med skolans rektor | Montessori Mondial M\u00e4larh\u00f6jden","og_description":"H\u00e4r hittar du en intervju med v\u00e5r rektor, som ber\u00e4ttar om vikten av barnens naturliga drivkrafter och hur hon vill bedriva en skola.","og_url":"https:\/\/montessorimondial.se\/malarhojden\/artikel\/intervju-med-rektorn\/","og_site_name":"M\u00e4larh\u00f6jden","article_modified_time":"2024-02-27T09:59:17+00:00","twitter_card":"summary_large_image","twitter_title":"Intervju med skolans rektor | Montessori Mondial M\u00e4larh\u00f6jden","twitter_description":"H\u00e4r hittar du en intervju med v\u00e5r rektor, som ber\u00e4ttar om vikten av barnens naturliga drivkrafter och hur hon vill bedriva en skola.","twitter_image":"https:\/\/montessorimondial.se\/wp-content\/uploads\/sites\/12\/2020\/10\/skarmavbild-2020-10-12-kl-123717.png","twitter_misc":{"Ber\u00e4knad l\u00e4stid":"2 minuter"},"schema":{"@context":"https:\/\/schema.org","@graph":[{"@type":"WebPage","@id":"https:\/\/montessorimondial.se\/malarhojden\/artikel\/intervju-med-rektorn\/","url":"https:\/\/montessorimondial.se\/malarhojden\/artikel\/intervju-med-rektorn\/","name":"Intervju med skolans rektor | Montessori Mondial M\u00e4larh\u00f6jden","isPartOf":{"@id":"https:\/\/montessorimondial.se\/malarhojden\/#website"},"datePublished":"2020-10-12T10:39:05+00:00","dateModified":"2024-02-27T09:59:17+00:00","description":"H\u00e4r hittar du en intervju med v\u00e5r rektor, som ber\u00e4ttar om vikten av barnens naturliga drivkrafter och hur hon vill bedriva en skola.","breadcrumb":{"@id":"https:\/\/montessorimondial.se\/malarhojden\/artikel\/intervju-med-rektorn\/#breadcrumb"},"inLanguage":"sv-SE","potentialAction":[{"@type":"ReadAction","target":["https:\/\/montessorimondial.se\/malarhojden\/artikel\/intervju-med-rektorn\/"]}]},{"@type":"BreadcrumbList","@id":"https:\/\/montessorimondial.se\/malarhojden\/artikel\/intervju-med-rektorn\/#breadcrumb","itemListElement":[{"@type":"ListItem","position":1,"name":"Start","item":"https:\/\/montessorimondial.se\/malarhojden"},{"@type":"ListItem","position":2,"name":"Artikel"}]},{"@type":"WebSite","@id":"https:\/\/montessorimondial.se\/malarhojden\/#website","url":"https:\/\/montessorimondial.se\/malarhojden\/","name":"M\u00e4larh\u00f6jden","description":"Montessorimondial M\u00e4larh\u00f6jden","potentialAction":[{"@type":"SearchAction","target":{"@type":"EntryPoint","urlTemplate":"https:\/\/montessorimondial.se\/malarhojden\/?s={search_term_string}"},"query-input":"required name=search_term_string"}],"inLanguage":"sv-SE"}]}},"_links":{"self":[{"href":"https:\/\/montessorimondial.se\/malarhojden\/wp-json\/wp\/v2\/article\/685"}],"collection":[{"href":"https:\/\/montessorimondial.se\/malarhojden\/wp-json\/wp\/v2\/article"}],"about":[{"href":"https:\/\/montessorimondial.se\/malarhojden\/wp-json\/wp\/v2\/types\/article"}],"wp:attachment":[{"href":"https:\/\/montessorimondial.se\/malarhojden\/wp-json\/wp\/v2\/media?parent=685"}],"wp:term":[{"taxonomy":"article_category","embeddable":true,"href":"https:\/\/montessorimondial.se\/malarhojden\/wp-json\/wp\/v2\/article_category?post=685"}],"curies":[{"name":"wp","href":"https:\/\/api.w.org\/{rel}","templated":true}]}}